{"id":1,"date":"2023-05-29T20:28:12","date_gmt":"2023-05-29T18:28:12","guid":{"rendered":"http:\/\/artedu-czarnota.com\/?p=1"},"modified":"2023-05-29T20:29:45","modified_gmt":"2023-05-29T18:29:45","slug":"witaj-swiecie","status":"publish","type":"post","link":"https:\/\/artedu-czarnota.com\/?p=1","title":{"rendered":"Mi\u0119dzy wdechem, a wydechem &#8211; Magdalena Czarnota"},"content":{"rendered":"\n<h2 class=\"wp-block-heading\"><\/h2>\n\n\n\n<p class=\"has-vivid-cyan-blue-color has-text-color\"><strong>\u201eJe\u015bli s\u0142owa wypowiada si\u0119 z nale\u017cyt\u0105 pasj\u0105, a bogowie akurat si\u0119 nudz\u0105, bywa \u017ce ca\u0142y wszech\u015bwiat przeformowuje si\u0119 wok\u00f3\u0142 tych s\u0142\u00f3w. S\u0142owa zawsze mia\u0142y moc odmieniania \u015bwiata\u2026\u201d<\/strong> <\/p>\n\n\n\n<p class=\"has-text-align-right has-vivid-cyan-blue-color has-text-color\">Terry Pratchett<\/p>\n\n\n\n<p><strong><em>\u017beby rozpocz\u0105\u0107 prac\u0119 nad g\u0142osem, m\u00f3wieniem, przemawianiem, \u015bpiewaniem warto przyjrze\u0107 si\u0119 postawie w\u0142asnego cia\u0142a. Poobserwowa\u0107 jak stoimy, jak poruszamy si\u0119. Gdzie s\u0105 napi\u0119cia w naszym ciele, a gdzie zacisk&#8230; Nale\u017cy przy tym pami\u0119ta\u0107 \u017ce nie jeste\u015bmy w stanie odczyta\u0107 napi\u0119\u0107 chronicznych, do kt\u00f3rych si\u0119 przyzwyczaili\u015bmy. Tak wi\u0119c podstawow\u0105 prac\u0119 nale\u017cy zacz\u0105\u0107 od tego, by cia\u0142o powoli &#8211; acz wreszcie &#8211; zacz\u0119\u0142o nam ufa\u0107\u2026<\/em><\/strong><\/p>\n\n\n\n<p>\u0179r\u00f3d\u0142em m\u00f3wienia zawsze by\u0142a i jest energia my\u015bli, a co za nimi idzie &#8211; impuls energetyczny ubrany w intencje\/ emocje. Energia ta uruchamia mi\u0119\u015bnie potrzebne do wypowiedzenia my\u015bli w postaci s\u0142\u00f3w.<\/p>\n\n\n\n<p>Ka\u017cdy z nas ma sw\u00f3j unikalny tembr g\u0142osu. G\u0142os jest jak linie papilarne nie ma dw\u00f3ch takich samych. G\u0142os jest d\u017awi\u0119kiem, kt\u00f3ry wibruje\u2026 fale drgania uderzaj\u0105 w rezonatory. Zwyk\u0142o si\u0119 uwa\u017ca\u0107 \u017ce rezonuj\u0105 tylko twarde cz\u0119\u015bci cia\u0142a, czyli ko\u015bci czaszki czo\u0142o zatoki, ale tak naprawd\u0119 ca\u0142e nasze cia\u0142o rezonuje, czyli odpowiada i przekazuje dalej nasz g\u0142os \u2013 my\u015bl- intencj\u0119. Za prawid\u0142owe wydobycie naszego unikalnego g\u0142osu odpowiadaj\u0105, te same mi\u0119\u015bnie kt\u00f3re odpowiedzialne s\u0105 za wyraz emocji w ciele. G\u0142os odzwierciedla historie naszego \u017cycia. Zar\u00f3wno te radosne prze\u017cycia jak i te traumatyczne s\u0105 zamkni\u0119te w naszym ciele, niejako zatrzymane przez nasze mi\u0119\u015bnie.&nbsp; Czyli m\u00f3wi\u0105c wyra\u017camy siebie, opowiadamy g\u0142osem nasze \u017cycie. Poniewa\u017c g\u0142os nas wyprzedza oznacza to, \u017ce nas powi\u0119ksza. A je\u015bli nas powi\u0119ksza, to oznacza ,\u017ce powi\u0119ksza nasze intencje i emocje. \u015awiadomo\u015b\u0107, \u017ce kiedy m\u00f3wimy przekazujemy energie, mo\u017ce teraz oznacza\u0107 wi\u0119ksz\u0105 uwa\u017cno\u015b\u0107 w wypowiadaniu s\u0142\u00f3w przez Czytelnik\u00f3w\u2026<\/p>\n\n\n\n<p>Mimo tego, \u017ce g\u0142os s\u0142u\u017cy jako \u015brodek do komunikowania si\u0119 i wyra\u017cania emocji, bardzo cz\u0119sto nie lubimy swojego g\u0142osu. Trudno jest znale\u017a\u0107 osob\u0119, kt\u00f3ra s\u0142ysz\u0105c sw\u00f3j nagrany g\u0142os, nie jest przynajmniej zaskoczona jego wysoko\u015bci\u0105 i brzmieniem. Z regu\u0142y nie podoba nam si\u0119 to, co s\u0142yszymy\u2026<\/p>\n\n\n\n<p>Celem pracy z g\u0142osem, winno by\u0107 wi\u0119c rozpoznanie i zaakceptowanie w\u0142asnej osobowo\u015bci, \u017ceby m\u00f3c na jej podstawie rozwija\u0107 unikalny styl m\u00f3wienia i przemawiania. Tylko wtedy, kiedy nauczymy si\u0119 obserwowa\u0107 nasz g\u0142os, poznamy jego moc, poczujemy nasze w\u0142asne wibracje, nasze cia\u0142o nauczy si\u0119 wsp\u00f3\u0142pracowa\u0107 i pomo\u017ce nam, gestem oraz postaw\u0105 na scenie wyrazi\u0107 nasze intencje oraz my\u015bli.&nbsp; B\u0119dziemy osobami, kt\u00f3rych si\u0119 s\u0142ucha a nie tylko je s\u0142yszy\u2026<\/p>\n\n\n\n<p>Felieton napisany przez Magdalen\u0119 Czarnot\u0119 dla Anywhere.pl w 2018 roku.<\/p>\n","protected":false},"excerpt":{"rendered":"<p>\u201eJe\u015bli s\u0142owa wypowiada si\u0119 z nale\u017cyt\u0105 pasj\u0105, a bogowie akurat si\u0119 nudz\u0105, bywa \u017ce ca\u0142y wszech\u015bwiat przeformowuje si\u0119 wok\u00f3\u0142 tych s\u0142\u00f3w. S\u0142owa zawsze mia\u0142y moc odmieniania \u015bwiata\u2026\u201d Terry Pratchett \u017beby rozpocz\u0105\u0107 prac\u0119 nad g\u0142osem, m\u00f3wieniem, przemawianiem, \u015bpiewaniem warto przyjrze\u0107 si\u0119 postawie w\u0142asnego cia\u0142a. Poobserwowa\u0107 jak stoimy, jak poruszamy si\u0119. Gdzie s\u0105 napi\u0119cia w naszym ciele, &hellip; <\/p>\n<p class=\"link-more\"><a href=\"https:\/\/artedu-czarnota.com\/?p=1\" class=\"more-link\">Czytaj dalej<span class=\"screen-reader-text\"> \u201eMi\u0119dzy wdechem, a wydechem &#8211; Magdalena Czarnota\u201d<\/span><\/a><\/p>\n","protected":false},"author":1,"featured_media":0,"comment_status":"open","ping_status":"open","sticky":false,"template":"","format":"standard","meta":{"footnotes":""},"categories":[1],"tags":[],"class_list":["post-1","post","type-post","status-publish","format-standard","hentry","category-bez-kategorii"],"yoast_head":"<!-- This site is optimized with the Yoast SEO plugin v20.8 - https:\/\/yoast.com\/wordpress\/plugins\/seo\/ -->\n<title>Mi\u0119dzy wdechem, a wydechem - Magdalena Czarnota -<\/title>\n<meta name=\"robots\" content=\"index, follow, max-snippet:-1, max-image-preview:large, max-video-preview:-1\" \/>\n<link rel=\"canonical\" href=\"https:\/\/artedu-czarnota.com\/?p=1\" \/>\n<meta property=\"og:locale\" content=\"pl_PL\" \/>\n<meta property=\"og:type\" content=\"article\" \/>\n<meta property=\"og:title\" content=\"Mi\u0119dzy wdechem, a wydechem - Magdalena Czarnota -\" \/>\n<meta property=\"og:description\" content=\"\u201eJe\u015bli s\u0142owa wypowiada si\u0119 z nale\u017cyt\u0105 pasj\u0105, a bogowie akurat si\u0119 nudz\u0105, bywa \u017ce ca\u0142y wszech\u015bwiat przeformowuje si\u0119 wok\u00f3\u0142 tych s\u0142\u00f3w. S\u0142owa zawsze mia\u0142y moc odmieniania \u015bwiata\u2026\u201d Terry Pratchett \u017beby rozpocz\u0105\u0107 prac\u0119 nad g\u0142osem, m\u00f3wieniem, przemawianiem, \u015bpiewaniem warto przyjrze\u0107 si\u0119 postawie w\u0142asnego cia\u0142a. Poobserwowa\u0107 jak stoimy, jak poruszamy si\u0119. Gdzie s\u0105 napi\u0119cia w naszym ciele, &hellip; Czytaj dalej \u201eMi\u0119dzy wdechem, a wydechem &#8211; Magdalena Czarnota\u201d\" \/>\n<meta property=\"og:url\" content=\"https:\/\/artedu-czarnota.com\/?p=1\" \/>\n<meta property=\"article:published_time\" content=\"2023-05-29T18:28:12+00:00\" \/>\n<meta property=\"article:modified_time\" content=\"2023-05-29T18:29:45+00:00\" \/>\n<meta name=\"author\" content=\"robert\" \/>\n<meta name=\"twitter:card\" content=\"summary_large_image\" \/>\n<meta name=\"twitter:label1\" content=\"Napisane przez\" \/>\n\t<meta name=\"twitter:data1\" content=\"robert\" \/>\n\t<meta name=\"twitter:label2\" content=\"Szacowany czas czytania\" \/>\n\t<meta name=\"twitter:data2\" content=\"3 minuty\" \/>\n<script type=\"application\/ld+json\" class=\"yoast-schema-graph\">{\"@context\":\"https:\/\/schema.org\",\"@graph\":[{\"@type\":\"WebPage\",\"@id\":\"https:\/\/artedu-czarnota.com\/?p=1\",\"url\":\"https:\/\/artedu-czarnota.com\/?p=1\",\"name\":\"Mi\u0119dzy wdechem, a wydechem - Magdalena Czarnota -\",\"isPartOf\":{\"@id\":\"https:\/\/artedu-czarnota.com\/#website\"},\"datePublished\":\"2023-05-29T18:28:12+00:00\",\"dateModified\":\"2023-05-29T18:29:45+00:00\",\"author\":{\"@id\":\"https:\/\/artedu-czarnota.com\/#\/schema\/person\/6738de18c724b4c74bcc69e946ac5354\"},\"breadcrumb\":{\"@id\":\"https:\/\/artedu-czarnota.com\/?p=1#breadcrumb\"},\"inLanguage\":\"pl-PL\",\"potentialAction\":[{\"@type\":\"ReadAction\",\"target\":[\"https:\/\/artedu-czarnota.com\/?p=1\"]}]},{\"@type\":\"BreadcrumbList\",\"@id\":\"https:\/\/artedu-czarnota.com\/?p=1#breadcrumb\",\"itemListElement\":[{\"@type\":\"ListItem\",\"position\":1,\"name\":\"Home\",\"item\":\"https:\/\/artedu-czarnota.com\/\"},{\"@type\":\"ListItem\",\"position\":2,\"name\":\"Mi\u0119dzy wdechem, a wydechem &#8211; Magdalena Czarnota\"}]},{\"@type\":\"WebSite\",\"@id\":\"https:\/\/artedu-czarnota.com\/#website\",\"url\":\"https:\/\/artedu-czarnota.com\/\",\"name\":\"\",\"description\":\"\",\"potentialAction\":[{\"@type\":\"SearchAction\",\"target\":{\"@type\":\"EntryPoint\",\"urlTemplate\":\"https:\/\/artedu-czarnota.com\/?s={search_term_string}\"},\"query-input\":\"required name=search_term_string\"}],\"inLanguage\":\"pl-PL\"},{\"@type\":\"Person\",\"@id\":\"https:\/\/artedu-czarnota.com\/#\/schema\/person\/6738de18c724b4c74bcc69e946ac5354\",\"name\":\"robert\",\"image\":{\"@type\":\"ImageObject\",\"inLanguage\":\"pl-PL\",\"@id\":\"https:\/\/artedu-czarnota.com\/#\/schema\/person\/image\/\",\"url\":\"https:\/\/secure.gravatar.com\/avatar\/befd65bab29546a4ef816cf01426bb96000aec5d3e19a07738ee847fbb7bdfe5?s=96&d=mm&r=g\",\"contentUrl\":\"https:\/\/secure.gravatar.com\/avatar\/befd65bab29546a4ef816cf01426bb96000aec5d3e19a07738ee847fbb7bdfe5?s=96&d=mm&r=g\",\"caption\":\"robert\"},\"sameAs\":[\"http:\/\/artedu-czarnota.com\"],\"url\":\"https:\/\/artedu-czarnota.com\/?author=1\"}]}<\/script>\n<!-- \/ Yoast SEO plugin. -->","yoast_head_json":{"title":"Mi\u0119dzy wdechem, a wydechem - Magdalena Czarnota -","robots":{"index":"index","follow":"follow","max-snippet":"max-snippet:-1","max-image-preview":"max-image-preview:large","max-video-preview":"max-video-preview:-1"},"canonical":"https:\/\/artedu-czarnota.com\/?p=1","og_locale":"pl_PL","og_type":"article","og_title":"Mi\u0119dzy wdechem, a wydechem - Magdalena Czarnota -","og_description":"\u201eJe\u015bli s\u0142owa wypowiada si\u0119 z nale\u017cyt\u0105 pasj\u0105, a bogowie akurat si\u0119 nudz\u0105, bywa \u017ce ca\u0142y wszech\u015bwiat przeformowuje si\u0119 wok\u00f3\u0142 tych s\u0142\u00f3w. S\u0142owa zawsze mia\u0142y moc odmieniania \u015bwiata\u2026\u201d Terry Pratchett \u017beby rozpocz\u0105\u0107 prac\u0119 nad g\u0142osem, m\u00f3wieniem, przemawianiem, \u015bpiewaniem warto przyjrze\u0107 si\u0119 postawie w\u0142asnego cia\u0142a. Poobserwowa\u0107 jak stoimy, jak poruszamy si\u0119. Gdzie s\u0105 napi\u0119cia w naszym ciele, &hellip; Czytaj dalej \u201eMi\u0119dzy wdechem, a wydechem &#8211; Magdalena Czarnota\u201d","og_url":"https:\/\/artedu-czarnota.com\/?p=1","article_published_time":"2023-05-29T18:28:12+00:00","article_modified_time":"2023-05-29T18:29:45+00:00","author":"robert","twitter_card":"summary_large_image","twitter_misc":{"Napisane przez":"robert","Szacowany czas czytania":"3 minuty"},"schema":{"@context":"https:\/\/schema.org","@graph":[{"@type":"WebPage","@id":"https:\/\/artedu-czarnota.com\/?p=1","url":"https:\/\/artedu-czarnota.com\/?p=1","name":"Mi\u0119dzy wdechem, a wydechem - Magdalena Czarnota -","isPartOf":{"@id":"https:\/\/artedu-czarnota.com\/#website"},"datePublished":"2023-05-29T18:28:12+00:00","dateModified":"2023-05-29T18:29:45+00:00","author":{"@id":"https:\/\/artedu-czarnota.com\/#\/schema\/person\/6738de18c724b4c74bcc69e946ac5354"},"breadcrumb":{"@id":"https:\/\/artedu-czarnota.com\/?p=1#breadcrumb"},"inLanguage":"pl-PL","potentialAction":[{"@type":"ReadAction","target":["https:\/\/artedu-czarnota.com\/?p=1"]}]},{"@type":"BreadcrumbList","@id":"https:\/\/artedu-czarnota.com\/?p=1#breadcrumb","itemListElement":[{"@type":"ListItem","position":1,"name":"Home","item":"https:\/\/artedu-czarnota.com\/"},{"@type":"ListItem","position":2,"name":"Mi\u0119dzy wdechem, a wydechem &#8211; Magdalena Czarnota"}]},{"@type":"WebSite","@id":"https:\/\/artedu-czarnota.com\/#website","url":"https:\/\/artedu-czarnota.com\/","name":"","description":"","potentialAction":[{"@type":"SearchAction","target":{"@type":"EntryPoint","urlTemplate":"https:\/\/artedu-czarnota.com\/?s={search_term_string}"},"query-input":"required name=search_term_string"}],"inLanguage":"pl-PL"},{"@type":"Person","@id":"https:\/\/artedu-czarnota.com\/#\/schema\/person\/6738de18c724b4c74bcc69e946ac5354","name":"robert","image":{"@type":"ImageObject","inLanguage":"pl-PL","@id":"https:\/\/artedu-czarnota.com\/#\/schema\/person\/image\/","url":"https:\/\/secure.gravatar.com\/avatar\/befd65bab29546a4ef816cf01426bb96000aec5d3e19a07738ee847fbb7bdfe5?s=96&d=mm&r=g","contentUrl":"https:\/\/secure.gravatar.com\/avatar\/befd65bab29546a4ef816cf01426bb96000aec5d3e19a07738ee847fbb7bdfe5?s=96&d=mm&r=g","caption":"robert"},"sameAs":["http:\/\/artedu-czarnota.com"],"url":"https:\/\/artedu-czarnota.com\/?author=1"}]}},"_links":{"self":[{"href":"https:\/\/artedu-czarnota.com\/index.php?rest_route=\/wp\/v2\/posts\/1","targetHints":{"allow":["GET"]}}],"collection":[{"href":"https:\/\/artedu-czarnota.com\/index.php?rest_route=\/wp\/v2\/posts"}],"about":[{"href":"https:\/\/artedu-czarnota.com\/index.php?rest_route=\/wp\/v2\/types\/post"}],"author":[{"embeddable":true,"href":"https:\/\/artedu-czarnota.com\/index.php?rest_route=\/wp\/v2\/users\/1"}],"replies":[{"embeddable":true,"href":"https:\/\/artedu-czarnota.com\/index.php?rest_route=%2Fwp%2Fv2%2Fcomments&post=1"}],"version-history":[{"count":13,"href":"https:\/\/artedu-czarnota.com\/index.php?rest_route=\/wp\/v2\/posts\/1\/revisions"}],"predecessor-version":[{"id":151,"href":"https:\/\/artedu-czarnota.com\/index.php?rest_route=\/wp\/v2\/posts\/1\/revisions\/151"}],"wp:attachment":[{"href":"https:\/\/artedu-czarnota.com\/index.php?rest_route=%2Fwp%2Fv2%2Fmedia&parent=1"}],"wp:term":[{"taxonomy":"category","embeddable":true,"href":"https:\/\/artedu-czarnota.com\/index.php?rest_route=%2Fwp%2Fv2%2Fcategories&post=1"},{"taxonomy":"post_tag","embeddable":true,"href":"https:\/\/artedu-czarnota.com\/index.php?rest_route=%2Fwp%2Fv2%2Ftags&post=1"}],"curies":[{"name":"wp","href":"https:\/\/api.w.org\/{rel}","templated":true}]}}